{"id":81646,"date":"2025-09-04T11:31:39","date_gmt":"2025-09-04T09:31:39","guid":{"rendered":"https:\/\/fud.ujep.cz\/news\/dum-umeni-usti-nad-labem-zahaji-novou-vystavu-umelkyne-ilony-nemeth\/"},"modified":"2025-09-15T10:53:49","modified_gmt":"2025-09-15T08:53:49","slug":"dum-umeni-usti-nad-labem-zahaji-novou-vystavu-umelkyne-ilony-nemeth","status":"publish","type":"post","link":"https:\/\/old.fud.ujep.cz\/en\/exhibitions\/dum-umeni-usti-nad-labem-zahaji-novou-vystavu-umelkyne-ilony-nemeth\/","title":{"rendered":"The House of Arts \u00dast\u00ed nad Labem will open a&nbsp;new exhibition by artist Ilona N\u00e9meth"},"content":{"rendered":"<p>A prominent Slovak artist, Ilona N\u00e9meth, will present herself at the House of Arts \u00dast\u00ed nad Labem with an entirely new large-scale project that continues the rich line of environmentally oriented works latent in her practice since the early 1990s. In her latest project, the artist responds to ongoing climate change, which in her home region of southern Slovakia is manifested, among other things, by the disappearance of thuja trees that are gradually dying, drying out, and turning brown. These vanishing trees and shrubs, present in Central Europe since the 16th century, have become the subject of N\u00e9meth\u2019s monitoring and systematic collection of all available information.<\/p>\n<p data-start=\"735\" data-end=\"1368\">The exhibition project prepared for the House of Arts \u00dast\u00ed nad Labem and titled <em data-start=\"815\" data-end=\"846\">Fragile Gardens in Adaptation<\/em> naturally follows N\u00e9meth\u2019s long-term interest in the theme of gardens, which she has developed in various cultural, social, environmental, and socio-economic contexts. In recent years, this interest has been manifested, for example, in her <em data-start=\"1087\" data-end=\"1105\">Floating Gardens<\/em> project (<em data-start=\"1115\" data-end=\"1137\">Garden of the Future<\/em> and <em data-start=\"1142\" data-end=\"1158\">Healing Garden<\/em>), presented at <em data-start=\"1174\" data-end=\"1193\">documenta fifteen<\/em> in Kassel in 2022, and in a&nbsp;broader sense through the extensive international research, artistic, and exhibition project <em data-start=\"1315\" data-end=\"1330\">Eastern Sugar<\/em>, which has been ongoing since 2017.<\/p>\n<p data-start=\"1370\" data-end=\"1431\"><strong data-start=\"1370\" data-end=\"1417\">Ilona N\u00e9meth: Fragile Gardens in Adaptation<\/strong><br data-start=\"1417\" data-end=\"1420\"><br \/>\nGallery 1<\/p>\n<p data-start=\"1433\" data-end=\"1467\">September 17 \u2013 November 22, 2025<\/p>\n<p data-start=\"1469\" data-end=\"1560\">The opening of the exhibition will take place on Wednesday, September 17, 2025, at 6 p.m.<\/p>\n<p data-start=\"1562\" data-end=\"1644\">A guided tour of the exhibition with the artist and curator will begin at 5 p.m.<\/p>\n<p data-start=\"1646\" data-end=\"1735\">More information: <a href=\"https:\/\/duul.cz\/cs\/exhibitions\/ilona-nemeth-krehke-zahrady-v-adaptaci\" data-start=\"1664\" data-end=\"1733\">https:\/\/duul.cz\/cs\/exhibitions\/ilona-nemeth-krehke-zahrady-v-adaptaci<\/a><\/p>\n<p>&nbsp;<\/p>\n","protected":false},"excerpt":{"rendered":"<p>A prominent Slovak artist, Ilona N\u00e9meth, will present herself at the House of Arts \u00dast\u00ed nad Labem with an entirely new large-scale project that continues the rich line of environmentally oriented works latent in her practice since the early 1990s. In her latest project, the artist responds to ongoing climate change, which in her home [&hellip;]<\/p>\n","protected":false},"author":33,"featured_media":81586,"comment_status":"closed","ping_status":"closed","sticky":false,"template":"","format":"standard","meta":{"ngg_post_thumbnail":0},"categories":[107,116],"tags":[],"acf":[],"_links":{"self":[{"href":"https:\/\/old.fud.ujep.cz\/en\/wp-json\/wp\/v2\/posts\/81646"}],"collection":[{"href":"https:\/\/old.fud.ujep.cz\/en\/wp-json\/wp\/v2\/posts"}],"about":[{"href":"https:\/\/old.fud.ujep.cz\/en\/wp-json\/wp\/v2\/types\/post"}],"author":[{"embeddable":true,"href":"https:\/\/old.fud.ujep.cz\/en\/wp-json\/wp\/v2\/users\/33"}],"replies":[{"embeddable":true,"href":"https:\/\/old.fud.ujep.cz\/en\/wp-json\/wp\/v2\/comments?post=81646"}],"version-history":[{"count":0,"href":"https:\/\/old.fud.ujep.cz\/en\/wp-json\/wp\/v2\/posts\/81646\/revisions"}],"wp:featuredmedia":[{"embeddable":true,"href":"https:\/\/old.fud.ujep.cz\/en\/wp-json\/wp\/v2\/media\/81586"}],"wp:attachment":[{"href":"https:\/\/old.fud.ujep.cz\/en\/wp-json\/wp\/v2\/media?parent=81646"}],"wp:term":[{"taxonomy":"category","embeddable":true,"href":"https:\/\/old.fud.ujep.cz\/en\/wp-json\/wp\/v2\/categories?post=81646"},{"taxonomy":"post_tag","embeddable":true,"href":"https:\/\/old.fud.ujep.cz\/en\/wp-json\/wp\/v2\/tags?post=81646"}],"curies":[{"name":"wp","href":"https:\/\/api.w.org\/{rel}","templated":true}]}}