{"id":78969,"date":"2025-03-14T13:32:51","date_gmt":"2025-03-14T11:32:51","guid":{"rendered":"https:\/\/fud.ujep.cz\/?p=78969"},"modified":"2025-03-19T12:14:56","modified_gmt":"2025-03-19T10:14:56","slug":"celem-k-umeni-4-gerlin-heestermans","status":"publish","type":"post","link":"https:\/\/old.fud.ujep.cz\/en\/lectures\/celem-k-umeni-4-gerlin-heestermans\/","title":{"rendered":"CANCELLED! \u010celem k&nbsp;um\u011bn\u00ed #4 \/ Gerlin Heestermans"},"content":{"rendered":"<section id=\"primary\" class=\"content-area\">\n<article id=\"post-78955\" class=\"post-78955 post type-post status-publish format-standard has-post-thumbnail hentry category-aktualne category-celem-k-umeni category-prednasky\">\n<div class=\"d-block d-sm-flex flex-row justify-content-between\"><main class=\"entry col-sm-6\"><\/p>\n<p><b>Gerlin Heestermans \/ 19.&nbsp;3.&nbsp;<\/b>Toerist Modernist \u2013 in search of Belgian modernism \/ Toerist Modernist \u2013 hled\u00e1n\u00ed belgick\u00e9 moderny<\/p>\n<p>D\u016fm um\u011bn\u00ed \u00dast\u00ed nad Labem, 16.30 hodin.&nbsp;P\u0159edn\u00e1\u0161ka prob\u011bhne v&nbsp;anglick\u00e9m jazyce.<\/p>\n<p>\/\/<\/p>\n<p>Since 2019 Gerlin Heestermans has been documenting and exploring modernist architecture in Belgium under the name Toerist Modernist, now a&nbsp;non-profit. Rather than an academic approach, Gerlin finds it important to keep her work as accessible as possible; by sharing photos on Instagram, by organising interior visits, by curating walking routes etc. This also highlights the importance of the personal, as it\u2019s the inhabitants who keep this architecture alive. In time, Toerist Modernist has assembled an informal network of likeminded owners, alongside a&nbsp;community of fellow modernism lovers.<\/p>\n<p>Od roku 2019 Gerlin Heestermans dokumentuje a&nbsp;zkoum\u00e1 modernistickou architekturu v&nbsp;Belgii pod n\u00e1zvem Toerist Modernist, kter\u00fd je nyn\u00ed neziskovou organizac\u00ed. Sp\u00ed\u0161e ne\u017e akademick\u00fd p\u0159\u00edstup pova\u017euje Gerlin za d\u016fle\u017eit\u00e9, aby jej\u00ed pr\u00e1ce byla co nejp\u0159\u00edstupn\u011bj\u0161\u00ed; sd\u00edlen\u00edm fotografi\u00ed na Instagramu, organizov\u00e1n\u00edm n\u00e1v\u0161t\u011bv interi\u00e9r\u016f, kur\u00e1torstv\u00edm p\u011b\u0161\u00edch tras atd. T\u00edm tak\u00e9 zd\u016fraz\u0148uje d\u016fle\u017eitost osobn\u00edho p\u0159\u00edstupu, proto\u017ee jsou to pr\u00e1v\u011b obyvatel\u00e9, kte\u0159\u00ed tuto architekturu udr\u017euj\u00ed p\u0159i&nbsp;\u017eivot\u011b. Toerist Modernist \u010dasem shrom\u00e1\u017edil neform\u00e1ln\u00ed s\u00ed\u0165 podobn\u011b sm\u00fd\u0161lej\u00edc\u00edch majitel\u016f spolu s&nbsp;komunitou koleg\u016f milovn\u00edk\u016f modernismu.<\/p>\n<p>\/\/<\/p>\n<p>Gerlin Heestermans \u00b01988, lives and works in Gent, Belgium<\/p>\n<p>The aesthetics of modernism have long been a&nbsp;fascination and source of delight for Gerlin, and this only grew stronger when she learnt more about the movement during her art history studies. A&nbsp;few years later, she was taken on an architecture tour in Brussels by a&nbsp;friend, and was amazed by the many unknown modernist dwellings they discovered. This led to Gerlin\u2019s new mission: to explore and document this heritage all over Belgium, highlighting the many original features that still remain. It was immediately apparent why this was (and still is) an urgent undertaking, as so many of these are under threat of demolition or renovation. The project became a&nbsp;non profit under the name Toerist Modernist and its output includes walking guides, photography, interior visits, location hunting and more.<\/p>\n<p>Gerlin Heestermans \u00b01988, \u017eije a&nbsp;pracuje v&nbsp;Gentu, Belgie<\/p>\n<p>Estetika modernismu Gerlin fascinuje a&nbsp;t\u011b\u0161\u00ed u\u017e dlouho, a&nbsp;kdy\u017e se b\u011bhem studia d\u011bjin um\u011bn\u00ed o&nbsp;tomto hnut\u00ed dozv\u011bd\u011bla v\u00edce, jej\u00ed nad\u0161en\u00ed je\u0161t\u011b zes\u00edlilo. O&nbsp;n\u011bkolik let pozd\u011bji se s&nbsp;p\u0159\u00edtelem vydala na architektonickou exkurzi do Bruselu a&nbsp;byla ohromena mno\u017estv\u00edm nezn\u00e1m\u00fdch modernistick\u00fdch obydl\u00ed, kter\u00e1 objevili. To vedlo k&nbsp;Gerlinin\u011b nov\u00e9 misi: prozkoumat a&nbsp;zdokumentovat toto d\u011bdictv\u00ed po&nbsp;cel\u00e9 Belgii a&nbsp;upozornit na mnoho p\u016fvodn\u00edch prvk\u016f, kter\u00e9 se st\u00e1le zachovaly. Okam\u017eit\u011b bylo jasn\u00e9, pro\u010d to byl (a&nbsp;st\u00e1le je) nal\u00e9hav\u00fd \u00fakol, proto\u017ee tolika z&nbsp;nich hroz\u00ed demolice nebo rekonstrukce. Projekt se stal neziskovou organizac\u00ed pod n\u00e1zvem Toerist Modernist a&nbsp;jeho v\u00fdstupem jsou p\u011b\u0161\u00ed pr\u016fvodci, fotografie, n\u00e1v\u0161t\u011bvy interi\u00e9r\u016f, vyhled\u00e1v\u00e1n\u00ed lokalit a&nbsp;dal\u0161\u00ed.<\/p>\n<p><a href=\"https:\/\/duul.cz\/cs\/events\/gerlin-heestermans\">https:\/\/duul.cz\/cs\/events\/gerlin-heestermans<\/a><\/p>\n<p><\/main><\/div>\n<\/article>\n<\/section>\n<div class=\"row justify-content-between footer-socket\">\n<div class=\"col-md-6 col-xs-12 soc-net\">\n<div class=\"soc-net-wrapper\">\n<h3 class=\"widget-title\">&nbsp;<\/h3>\n<\/div>\n<\/div>\n<\/div>\n","protected":false},"excerpt":{"rendered":"<p>Gerlin Heestermans \/ 19.&nbsp;3.&nbsp;Toerist Modernist \u2013 in search of Belgian modernism \/ Toerist Modernist \u2013 hled\u00e1n\u00ed belgick\u00e9 moderny D\u016fm um\u011bn\u00ed \u00dast\u00ed nad Labem, 16.30 hodin.&nbsp;P\u0159edn\u00e1\u0161ka prob\u011bhne v&nbsp;anglick\u00e9m jazyce. \/\/ Since 2019 Gerlin Heestermans has been documenting and exploring modernist architecture in Belgium under the name Toerist Modernist, now a&nbsp;non-profit. Rather than an academic approach, Gerlin [&hellip;]<\/p>\n","protected":false},"author":33,"featured_media":78957,"comment_status":"closed","ping_status":"closed","sticky":false,"template":"","format":"standard","meta":{"ngg_post_thumbnail":0},"categories":[117,6126],"tags":[],"acf":[],"_links":{"self":[{"href":"https:\/\/old.fud.ujep.cz\/en\/wp-json\/wp\/v2\/posts\/78969"}],"collection":[{"href":"https:\/\/old.fud.ujep.cz\/en\/wp-json\/wp\/v2\/posts"}],"about":[{"href":"https:\/\/old.fud.ujep.cz\/en\/wp-json\/wp\/v2\/types\/post"}],"author":[{"embeddable":true,"href":"https:\/\/old.fud.ujep.cz\/en\/wp-json\/wp\/v2\/users\/33"}],"replies":[{"embeddable":true,"href":"https:\/\/old.fud.ujep.cz\/en\/wp-json\/wp\/v2\/comments?post=78969"}],"version-history":[{"count":0,"href":"https:\/\/old.fud.ujep.cz\/en\/wp-json\/wp\/v2\/posts\/78969\/revisions"}],"wp:featuredmedia":[{"embeddable":true,"href":"https:\/\/old.fud.ujep.cz\/en\/wp-json\/wp\/v2\/media\/78957"}],"wp:attachment":[{"href":"https:\/\/old.fud.ujep.cz\/en\/wp-json\/wp\/v2\/media?parent=78969"}],"wp:term":[{"taxonomy":"category","embeddable":true,"href":"https:\/\/old.fud.ujep.cz\/en\/wp-json\/wp\/v2\/categories?post=78969"},{"taxonomy":"post_tag","embeddable":true,"href":"https:\/\/old.fud.ujep.cz\/en\/wp-json\/wp\/v2\/tags?post=78969"}],"curies":[{"name":"wp","href":"https:\/\/api.w.org\/{rel}","templated":true}]}}