{"id":53171,"date":"2021-09-02T16:56:22","date_gmt":"2021-09-02T14:56:22","guid":{"rendered":"https:\/\/fud.ujep.cz\/news\/online-konference-fashion-forward\/"},"modified":"2021-09-03T10:59:44","modified_gmt":"2021-09-03T08:59:44","slug":"online-konference-fashion-forward","status":"publish","type":"post","link":"https:\/\/old.fud.ujep.cz\/en\/lectures\/online-konference-fashion-forward\/","title":{"rendered":"Online conference Fashion Forward"},"content":{"rendered":"<p>With sustainability gaining traction in fashion, Fashion Forward is on a&nbsp;quest to showcase the diversity of ideas Central Europe has to offer. Presenting the most pioneering civil society advocacy groups and universities, this 3-day conference <a href=\"https:\/\/fashionforwardvisegrad.com\/\" target=\"_blank\" rel=\"noopener\">FASHION FORWARD<\/a> is a&nbsp;testament to the talent of a&nbsp;region that has richness to offer, but is often overlooked. This online conference that celebrates the future of fashion!<\/p>\n<p>Program: <a href=\"https:\/\/fashionforwardvisegrad.com\/schedule-edt\" target=\"_blank\" rel=\"noopener\">here<\/a>.<\/p>\n<p><strong>24. &#8211; 26. September 202<\/strong>1 in cooperation with FAD UJEP.<\/p>\n<p><a href=\"https:\/\/fashionforwardvisegrad.com\/schedule-edt\" target=\"_blank\" rel=\"noopener\">PROGRAM of conference<\/a><\/p>\n<p>Saturday 25\/09\/2021 &#8211; speeches of two academick of FAD<\/p>\n<p><strong>9:55-10:15 <\/strong><br \/>\nMgA. Ad\u00e9la Machov\u00e1, Ph.D. Jan Evangelista Purkyn\u011b University CZ <br \/>\nMaterial Experiments: Reviving Czech Heritage<\/p>\n<p><strong>10:45-11:05<\/strong>&nbsp; <br \/>\nMgA. Jan C. L\u00f6bl \u2013 Jan Evangelista Purkyn\u011b University CZ <br \/>\nReviving Patterns: Exploring Extinct Textile Industries<\/p>\n<p>Supported by Visegrad Fund.<\/p>\n","protected":false},"excerpt":{"rendered":"<p>With sustainability gaining traction in fashion, Fashion Forward is on a&nbsp;quest to showcase the diversity of ideas Central Europe has to offer. Presenting the most pioneering civil society advocacy groups and universities, this 3-day conference FASHION FORWARD is a&nbsp;testament to the talent of a&nbsp;region that has richness to offer, but is often overlooked. This online [&hellip;]<\/p>\n","protected":false},"author":6,"featured_media":53167,"comment_status":"closed","ping_status":"closed","sticky":false,"template":"","format":"standard","meta":{"ngg_post_thumbnail":0},"categories":[117,118,6064],"tags":[],"acf":[],"_links":{"self":[{"href":"https:\/\/old.fud.ujep.cz\/en\/wp-json\/wp\/v2\/posts\/53171"}],"collection":[{"href":"https:\/\/old.fud.ujep.cz\/en\/wp-json\/wp\/v2\/posts"}],"about":[{"href":"https:\/\/old.fud.ujep.cz\/en\/wp-json\/wp\/v2\/types\/post"}],"author":[{"embeddable":true,"href":"https:\/\/old.fud.ujep.cz\/en\/wp-json\/wp\/v2\/users\/6"}],"replies":[{"embeddable":true,"href":"https:\/\/old.fud.ujep.cz\/en\/wp-json\/wp\/v2\/comments?post=53171"}],"version-history":[{"count":0,"href":"https:\/\/old.fud.ujep.cz\/en\/wp-json\/wp\/v2\/posts\/53171\/revisions"}],"wp:featuredmedia":[{"embeddable":true,"href":"https:\/\/old.fud.ujep.cz\/en\/wp-json\/wp\/v2\/media\/53167"}],"wp:attachment":[{"href":"https:\/\/old.fud.ujep.cz\/en\/wp-json\/wp\/v2\/media?parent=53171"}],"wp:term":[{"taxonomy":"category","embeddable":true,"href":"https:\/\/old.fud.ujep.cz\/en\/wp-json\/wp\/v2\/categories?post=53171"},{"taxonomy":"post_tag","embeddable":true,"href":"https:\/\/old.fud.ujep.cz\/en\/wp-json\/wp\/v2\/tags?post=53171"}],"curies":[{"name":"wp","href":"https:\/\/api.w.org\/{rel}","templated":true}]}}