{"id":14988,"date":"2019-03-11T15:13:36","date_gmt":"2019-03-11T13:13:36","guid":{"rendered":"https:\/\/fud.ujep.cz\/celem-k-umeni-janka-vukmir\/"},"modified":"2019-09-07T22:31:10","modified_gmt":"2019-09-07T20:31:10","slug":"celem-k-umeni-janka-vukmir","status":"publish","type":"post","link":"https:\/\/old.fud.ujep.cz\/en\/lectures\/celem-k-umeni-janka-vukmir\/","title":{"rendered":"\u010celem k&nbsp;um\u011bn\u00ed \/ Facing the Art \/ Janka Vukmir"},"content":{"rendered":"<div dir=\"ltr\">\n<p>We sincerely invite you to the next lecture series <strong>\u010celem k&nbsp;um\u011bn\u00ed \/ Facing&nbsp;the Art<\/strong>&nbsp;this time, with Croatian historian, theorist and curator of contemporary art, the director of the Institute of Contemporary Art Zagreb <strong>Janka Vukmir<\/strong>.<\/p>\n<p><strong>Theme: Did it happen if it is not published? \u2192 13.&nbsp;3.&nbsp;2019 \/ 16: 00 \/ FUD room No. 537<\/strong><\/p>\n<p>The lecture will be in English.<\/p>\n<\/div>\n<div dir=\"ltr\">&nbsp;<\/div>\n<div dir=\"ltr\"><img decoding=\"async\" loading=\"lazy\" class=\"alignnone size-medium wp-image-14332\" src=\"https:\/\/fud.ujep.cz\/wp\/wp-content\/uploads\/2019\/02\/plakat_celemkumeni_final_web2-768x1097.png\" alt=\"\" width=\"768\" height=\"1097\"><\/div>\n","protected":false},"excerpt":{"rendered":"<p>We sincerely invite you to the next lecture series \u010celem k&nbsp;um\u011bn\u00ed \/ Facing&nbsp;the Art&nbsp;this time, with Croatian historian, theorist and curator of contemporary art, the director of the Institute of Contemporary Art Zagreb Janka Vukmir. Theme: Did it happen if it is not published? \u2192 13.&nbsp;3.&nbsp;2019 \/ 16: 00 \/ FUD room No. 537 The [&hellip;]<\/p>\n","protected":false},"author":29,"featured_media":14985,"comment_status":"closed","ping_status":"closed","sticky":false,"template":"","format":"standard","meta":{"ngg_post_thumbnail":0},"categories":[117,6064],"tags":[],"acf":[],"_links":{"self":[{"href":"https:\/\/old.fud.ujep.cz\/en\/wp-json\/wp\/v2\/posts\/14988"}],"collection":[{"href":"https:\/\/old.fud.ujep.cz\/en\/wp-json\/wp\/v2\/posts"}],"about":[{"href":"https:\/\/old.fud.ujep.cz\/en\/wp-json\/wp\/v2\/types\/post"}],"author":[{"embeddable":true,"href":"https:\/\/old.fud.ujep.cz\/en\/wp-json\/wp\/v2\/users\/29"}],"replies":[{"embeddable":true,"href":"https:\/\/old.fud.ujep.cz\/en\/wp-json\/wp\/v2\/comments?post=14988"}],"version-history":[{"count":0,"href":"https:\/\/old.fud.ujep.cz\/en\/wp-json\/wp\/v2\/posts\/14988\/revisions"}],"wp:featuredmedia":[{"embeddable":true,"href":"https:\/\/old.fud.ujep.cz\/en\/wp-json\/wp\/v2\/media\/14985"}],"wp:attachment":[{"href":"https:\/\/old.fud.ujep.cz\/en\/wp-json\/wp\/v2\/media?parent=14988"}],"wp:term":[{"taxonomy":"category","embeddable":true,"href":"https:\/\/old.fud.ujep.cz\/en\/wp-json\/wp\/v2\/categories?post=14988"},{"taxonomy":"post_tag","embeddable":true,"href":"https:\/\/old.fud.ujep.cz\/en\/wp-json\/wp\/v2\/tags?post=14988"}],"curies":[{"name":"wp","href":"https:\/\/api.w.org\/{rel}","templated":true}]}}